{"id":1058,"date":"2023-11-09T17:45:36","date_gmt":"2023-11-09T16:45:36","guid":{"rendered":"http:\/\/www.aktitude.fr\/?p=1058"},"modified":"2025-03-06T11:43:06","modified_gmt":"2025-03-06T10:43:06","slug":"management-de-transition","status":"publish","type":"post","link":"http:\/\/www.aktitude.fr\/index.php\/2023\/11\/09\/management-de-transition\/","title":{"rendered":"Management de transition : une opportunit\u00e9 pour les PME"},"content":{"rendered":"\n<h3 class=\"wp-block-heading has-text-color has-link-color wp-elements-79a1bc5135d15288fb948692e451355b\" style=\"color:#ed0067\">Le management de transition n&#8217;est pas r\u00e9serv\u00e9 aux grandes entreprises. Il repr\u00e9sente un v\u00e9ritable levier pour les PME en pleine expansion pour relever des d\u00e9fis organisationnels, op\u00e9rationnels et strat\u00e9giques . <\/h3>\n\n\n\n<p>Gestion de crise, restructuration, r\u00e9organisation, projets de transformation, absence temporaire de leadership, optimisation,  lancement de nouvelles initiatives&#8230; Un manager de transition exp\u00e9riment\u00e9 s&#8217;adapte rapidement au contexte de l&#8217;entreprise pour piloter des projets complexes, structurer des \u00e9quipes, ou accompagner une transformation organisationnelle tout en assurant la continuit\u00e9 des op\u00e9rations.<\/p>\n\n\n\n<p>Le manager de transition apporte une solution flexible, pragmatique et imm\u00e9diate. Il met en place des actions focalis\u00e9es sur le r\u00e9sultat et offre une vision ext\u00e9rieure neutre, cruciale pour affiner les besoins, prendre des d\u00e9cisions strat\u00e9giques et poser des bases solides pour l&#8217;avenir de l&#8217;entreprise.<\/p>\n\n\n\n<div style=\"height:32px\" aria-hidden=\"true\" class=\"wp-block-spacer\"><\/div>\n\n\n\n<div class=\"wp-block-columns is-layout-flex wp-container-core-columns-is-layout-9d6595d7 wp-block-columns-is-layout-flex\">\n<div class=\"wp-block-column is-layout-flow wp-block-column-is-layout-flow\">\n<h4 class=\"wp-block-heading has-text-color has-link-color wp-elements-72c3c531aedc6b1336aac039bba939ad\" style=\"color:#0d1046\">Notre d\u00e9marche<\/h4>\n\n\n\n<p>Chaque entreprise et chaque situation sont uniques. <\/p>\n\n\n\n<p>Nous d\u00e9finissons avec nos clients le p\u00e9rim\u00e8tre, les objectifs, le plan d&#8217;actions et les modes d&#8217;intervention pour r\u00e9pondre \u00e0 leurs besoins exacts.<\/p>\n\n\n\n<p>Nous veillons \u00e0 l&#8217;engagement des \u00e9quipes et assurons la transition pour qu&#8217;en fin de mission, les changements op\u00e9r\u00e9s soient p\u00e9rennes et bien int\u00e9gr\u00e9s dans l\u2019organisation.<\/p>\n\n\n\n<p><br><\/p>\n\n\n\n<\/p>\n<\/div>\n\n\n\n<div class=\"wp-block-column is-vertically-aligned-center is-layout-flow wp-block-column-is-layout-flow\">\n<p class=\"has-text-color has-background\" style=\"color:#ffffff;background-color:#0d1046\"><strong>\nLe management de transition constitue une solution id\u00e9ale pour soutenir une croissance rapide, s\u00e9curiser l&#8217;int\u00e9gration de nouveaux processus et garantir une gestion efficace de l&#8217;entreprise pendant les phases critiques de son d\u00e9veloppement.\n<\/strong><\/p>\n<\/div>\n<\/div>\n\n\n\n<hr class=\"wp-block-separator has-alpha-channel-opacity is-style-wide\"\/>\n\n\n\n<p class=\"has-text-align-center has-text-color has-link-color wp-elements-eda06febaec33dc426456fe2545d96a6\" style=\"color:#ed0067\"><strong>CAS PRATIQUES<\/strong><\/p>\n\n\n\n<p><strong>Faire face \u00e0 une forte augmentation de commandes dans un contexte de crise interne <\/strong>(Fabricant de machines sp\u00e9ciales &#8211; secteur pharmaceutique)<\/p>\n\n\n\n<ul class=\"wp-block-list\">\n<li class=\"has-small-font-size\">Conduite d&#8217;un audit organisationnel et r\u00e9alisation du diagnostic (RH, outils, process)<\/li>\n\n\n\n<li class=\"has-small-font-size\">D\u00e9finition et formalisation de l\u2019ensemble des processus sur un cycle de vie produit complet : avant-vente, conception, production, QA, installation, exploitation.<\/li>\n\n\n\n<li class=\"has-small-font-size\">Red\u00e9finition et formalisation des r\u00f4les et responsabilit\u00e9s, r\u00e9vision de l\u2019organigramme, cr\u00e9ation de postes<\/li>\n\n\n\n<li class=\"has-small-font-size\">D\u00e9ploiement d&#8217;un outil de gestion des stocks et de suivi de fabrication<\/li>\n\n\n\n<li class=\"has-small-font-size\">Mise en place des outils de suivi, KPI, reporting<\/li>\n\n\n\n<li class=\"has-small-font-size\">Accompagnement des managers (coaching individuel)<\/li>\n\n\n\n<li class=\"has-small-font-size\">Accompagnement du dirigeant dans la transition<\/li>\n<\/ul>\n\n\n\n<p><strong>Consolider l\u2019organisation du cabinet dans un climat social tendu, turnover et perte de confiance en interne <\/strong>(Cabinet de conseil)<\/p>\n\n\n\n<ul class=\"wp-block-list\">\n<li>R\u00e9alisation du diagnostic (entretiens collaborateurs, bilan et pr\u00e9conisations)<\/li>\n\n\n\n<li>Structuration des fonctions centrales, clarification des r\u00f4les et responsabilit\u00e9s<\/li>\n\n\n\n<li>Cr\u00e9ation et animation d&#8217;une s\u00e9rie d\u2019ateliers de travail sur les th\u00e8mes : identit\u00e9 d\u2019entreprise (vision, valeurs), management, process RH, exp\u00e9rience collaborateurs, digital RH, partage de connaissance, innovation<\/li>\n\n\n\n<li>Animation d&#8217;ateliers d&#8217;intelligence collective avec le Co-Dir (r\u00e9solution de conflits)<\/li>\n\n\n\n<li>Accompagnement du dirigeant (coaching individuel)<\/li>\n<\/ul>\n\n\n\n<p><strong>Repenser l\u2019organisation pour anticiper la transformation num\u00e9rique du secteur et de l\u2019entreprise<\/strong> (Fabricant et fournisseur d\u2019outils \u00e9lectroportatifs)<\/p>\n\n\n\n<ul class=\"wp-block-list\">\n<li>Conduite d&#8217;entretiens avec les collaborateurs et \u00e9laboration du diagnostic organisationnel<\/li>\n\n\n\n<li>Refonte d\u2019organigramme (p\u00e9rim\u00e8tre, r\u00f4les, responsabilit\u00e9s)<\/li>\n\n\n\n<li>Cr\u00e9ation et animation d&#8217;ateliers avec les managers (id\u00e9ation, r\u00e9solution de probl\u00e8me)<\/li>\n\n\n\n<li>Accompagnement du dirigeant dans la d\u00e9finition et la mise en \u0153uvre de la nouvelle organisation<\/li>\n<\/ul>\n\n\n\n<div class=\"wp-block-buttons is-content-justification-right is-layout-flex wp-container-core-buttons-is-layout-765c4724 wp-block-buttons-is-layout-flex\">\n<div class=\"wp-block-button\"><a class=\"wp-block-button__link has-text-align-left wp-element-button\" href=\"http:\/\/www.aktitude.fr\/index.php\/blog\/\">Voir les autres articles<\/a><\/div>\n<\/div>\n","protected":false},"excerpt":{"rendered":"<p>Le management de transition n&#8217;est pas r\u00e9serv\u00e9 aux grandes entreprises. Il repr\u00e9sente un v\u00e9ritable levier pour les PME en pleine expansion pour relever des d\u00e9fis organisationnels, op\u00e9rationnels et strat\u00e9giques.<\/p>\n","protected":false},"author":1,"featured_media":1069,"comment_status":"closed","ping_status":"closed","sticky":false,"template":"","format":"standard","meta":{"footnotes":""},"categories":[21,22,2,3,4],"tags":[],"class_list":["post-1058","post","type-post","status-publish","format-standard","has-post-thumbnail","hentry","category-digital","category-excellence-operationnelle","category-innovation","category-organisation","category-strategie"],"_links":{"self":[{"href":"http:\/\/www.aktitude.fr\/index.php\/wp-json\/wp\/v2\/posts\/1058","targetHints":{"allow":["GET"]}}],"collection":[{"href":"http:\/\/www.aktitude.fr\/index.php\/wp-json\/wp\/v2\/posts"}],"about":[{"href":"http:\/\/www.aktitude.fr\/index.php\/wp-json\/wp\/v2\/types\/post"}],"author":[{"embeddable":true,"href":"http:\/\/www.aktitude.fr\/index.php\/wp-json\/wp\/v2\/users\/1"}],"replies":[{"embeddable":true,"href":"http:\/\/www.aktitude.fr\/index.php\/wp-json\/wp\/v2\/comments?post=1058"}],"version-history":[{"count":25,"href":"http:\/\/www.aktitude.fr\/index.php\/wp-json\/wp\/v2\/posts\/1058\/revisions"}],"predecessor-version":[{"id":1353,"href":"http:\/\/www.aktitude.fr\/index.php\/wp-json\/wp\/v2\/posts\/1058\/revisions\/1353"}],"wp:featuredmedia":[{"embeddable":true,"href":"http:\/\/www.aktitude.fr\/index.php\/wp-json\/wp\/v2\/media\/1069"}],"wp:attachment":[{"href":"http:\/\/www.aktitude.fr\/index.php\/wp-json\/wp\/v2\/media?parent=1058"}],"wp:term":[{"taxonomy":"category","embeddable":true,"href":"http:\/\/www.aktitude.fr\/index.php\/wp-json\/wp\/v2\/categories?post=1058"},{"taxonomy":"post_tag","embeddable":true,"href":"http:\/\/www.aktitude.fr\/index.php\/wp-json\/wp\/v2\/tags?post=1058"}],"curies":[{"name":"wp","href":"https:\/\/api.w.org\/{rel}","templated":true}]}}